{"id":121,"date":"2022-11-19T09:55:50","date_gmt":"2022-11-19T09:55:50","guid":{"rendered":"https:\/\/szte-genetika.hu\/?p=121"},"modified":"2023-01-24T10:06:37","modified_gmt":"2023-01-24T10:06:37","slug":"a-vandorlas-utvonala-a-genjeinkben-rejtozik-eredet","status":"publish","type":"post","link":"https:\/\/szte-genetika.hu\/en\/a-vandorlas-utvonala-a-genjeinkben-rejtozik-eredet\/","title":{"rendered":"A v\u00e1ndorl\u00e1s \u00fatvonala a g\u00e9njeinkben rejt\u0151zik &#8211; Eredet"},"content":{"rendered":"\n[et_pb_section fb_built=&#8221;1&#8243; _builder_version=&#8221;4.19.4&#8243; _module_preset=&#8221;default&#8221; custom_padding=&#8221;0px||0px||false|false&#8221; global_colors_info=&#8221;{}&#8221; theme_builder_area=&#8221;post_content&#8221;][et_pb_row _builder_version=&#8221;4.19.4&#8243; _module_preset=&#8221;default&#8221; global_colors_info=&#8221;{}&#8221; theme_builder_area=&#8221;post_content&#8221;][et_pb_column type=&#8221;4_4&#8243; _builder_version=&#8221;4.19.4&#8243; _module_preset=&#8221;default&#8221; global_colors_info=&#8221;{}&#8221; theme_builder_area=&#8221;post_content&#8221;][et_pb_video src=&#8221;https:\/\/youtu.be\/HjrVcREA-CI&#8221; image_src=&#8221;\/\/i.ytimg.com\/vi\/HjrVcREA-CI\/hqdefault.jpg&#8221; play_icon_color=&#8221;#8BCE33&#8243; thumbnail_overlay_color=&#8221;rgba(0,40,67,0.6)&#8221; _builder_version=&#8221;4.19.4&#8243; _module_preset=&#8221;default&#8221; hover_enabled=&#8221;0&#8243; global_colors_info=&#8221;{}&#8221; theme_builder_area=&#8221;post_content&#8221; sticky_enabled=&#8221;0&#8243;][\/et_pb_video][\/et_pb_column][\/et_pb_row][et_pb_row _builder_version=&#8221;4.19.4&#8243; _module_preset=&#8221;default&#8221; custom_padding=&#8221;0px||||false|false&#8221; global_colors_info=&#8221;{}&#8221; theme_builder_area=&#8221;post_content&#8221;][et_pb_column type=&#8221;4_4&#8243; _builder_version=&#8221;4.19.4&#8243; _module_preset=&#8221;default&#8221; global_colors_info=&#8221;{}&#8221; theme_builder_area=&#8221;post_content&#8221;][et_pb_text _builder_version=&#8221;4.19.4&#8243; _module_preset=&#8221;default&#8221; link_font=&#8221;||||on|||#8BCE33|&#8221; link_text_color=&#8221;#008DB4&#8243; hover_enabled=&#8221;0&#8243; global_colors_info=&#8221;{}&#8221; link_text_color__hover_enabled=&#8221;on|desktop&#8221; link_text_color__hover=&#8221;#6EC200&#8243; theme_builder_area=&#8221;post_content&#8221; sticky_enabled=&#8221;0&#8243;]<h2><span>A Spirit FM interj\u00faja a magyarok eredet\u00e9r\u0151l\u00a0<\/span><\/h2>\n<p><span>T\u00f6r\u00f6k Tiborral, a Magyars\u00e1gkutat\u00f3 Int\u00e9zet Archeogenetikai Kutat\u00f3k\u00f6zpontj\u00e1nak vezet\u0151archeogenetikus\u00e1val besz\u00e9lget\u00fcnk. <\/span><\/p>\n<p><span>M\u0171sorvezet\u0151: Somodi-Solymos Eszter<br \/>Szerkeszt\u0151: Kov\u00e1cs Kl\u00e1ra <br \/><\/span><span>Programigazgat\u00f3: Korvin Tibor<\/span><\/p>[\/et_pb_text][\/et_pb_column][\/et_pb_row][\/et_pb_section]\n","protected":false},"excerpt":{"rendered":"<p>A Spirit FM interj\u00faja a magyarok eredet\u00e9r\u0151l<br \/>\nT\u00f6r\u00f6k Tiborral, a Magyars\u00e1gkutat\u00f3 Int\u00e9zet Archeogenetikai Kutat\u00f3k\u00f6zpontj\u00e1nak vezet\u0151archeogenetikus\u00e1val besz\u00e9lget\u00fcnk.<\/p>","protected":false},"author":1,"featured_media":125,"comment_status":"closed","ping_status":"open","sticky":false,"template":"","format":"standard","meta":{"_et_pb_use_builder":"on","_et_pb_old_content":"","_et_gb_content_width":"","footnotes":""},"categories":[8],"tags":[9,12,11,10],"class_list":["post-121","post","type-post","status-publish","format-standard","has-post-thumbnail","hentry","category-archeogenetika","tag-archeogenetika","tag-honfoglalas","tag-magyarsagkutatas","tag-szte-genetika"],"_links":{"self":[{"href":"https:\/\/szte-genetika.hu\/en\/wp-json\/wp\/v2\/posts\/121","targetHints":{"allow":["GET"]}}],"collection":[{"href":"https:\/\/szte-genetika.hu\/en\/wp-json\/wp\/v2\/posts"}],"about":[{"href":"https:\/\/szte-genetika.hu\/en\/wp-json\/wp\/v2\/types\/post"}],"author":[{"embeddable":true,"href":"https:\/\/szte-genetika.hu\/en\/wp-json\/wp\/v2\/users\/1"}],"replies":[{"embeddable":true,"href":"https:\/\/szte-genetika.hu\/en\/wp-json\/wp\/v2\/comments?post=121"}],"version-history":[{"count":3,"href":"https:\/\/szte-genetika.hu\/en\/wp-json\/wp\/v2\/posts\/121\/revisions"}],"predecessor-version":[{"id":127,"href":"https:\/\/szte-genetika.hu\/en\/wp-json\/wp\/v2\/posts\/121\/revisions\/127"}],"wp:featuredmedia":[{"embeddable":true,"href":"https:\/\/szte-genetika.hu\/en\/wp-json\/wp\/v2\/media\/125"}],"wp:attachment":[{"href":"https:\/\/szte-genetika.hu\/en\/wp-json\/wp\/v2\/media?parent=121"}],"wp:term":[{"taxonomy":"category","embeddable":true,"href":"https:\/\/szte-genetika.hu\/en\/wp-json\/wp\/v2\/categories?post=121"},{"taxonomy":"post_tag","embeddable":true,"href":"https:\/\/szte-genetika.hu\/en\/wp-json\/wp\/v2\/tags?post=121"}],"curies":[{"name":"wp","href":"https:\/\/api.w.org\/{rel}","templated":true}]}}