{"id":445,"date":"2026-04-29T12:46:34","date_gmt":"2026-04-29T12:46:34","guid":{"rendered":"https:\/\/szte-genetika.hu\/?p=445"},"modified":"2026-04-29T12:46:34","modified_gmt":"2026-04-29T12:46:34","slug":"gyaszhir-2026-04-23","status":"publish","type":"post","link":"https:\/\/szte-genetika.hu\/en\/gyaszhir-2026-04-23\/","title":{"rendered":"Gy\u00e1szh\u00edr &#8211; 2026.04.23"},"content":{"rendered":"<p>[et_pb_section fb_built=&#8221;1&#8243; _builder_version=&#8221;4.19.4&#8243; _module_preset=&#8221;default&#8221; custom_padding=&#8221;0px||0px||false|false&#8221; hover_enabled=&#8221;0&#8243; global_colors_info=&#8221;{}&#8221; theme_builder_area=&#8221;post_content&#8221; sticky_enabled=&#8221;0&#8243;][et_pb_row _builder_version=&#8221;4.19.4&#8243; _module_preset=&#8221;default&#8221; custom_padding=&#8221;0px||||false|false&#8221; global_colors_info=&#8221;{}&#8221; theme_builder_area=&#8221;post_content&#8221;][et_pb_column type=&#8221;4_4&#8243; _builder_version=&#8221;4.19.4&#8243; _module_preset=&#8221;default&#8221; global_colors_info=&#8221;{}&#8221; theme_builder_area=&#8221;post_content&#8221;][et_pb_text _builder_version=&#8221;4.27.6&#8243; _module_preset=&#8221;default&#8221; link_font=&#8221;||||on|||#8BCE33|&#8221; link_text_color=&#8221;#008DB4&#8243; hover_enabled=&#8221;0&#8243; global_colors_info=&#8221;{}&#8221; link_text_color__hover_enabled=&#8221;on|desktop&#8221; link_text_color__hover=&#8221;#6EC200&#8243; theme_builder_area=&#8221;post_content&#8221; sticky_enabled=&#8221;0&#8243;]<\/p>\n<p>M\u00e9ly f\u00e1jdalommal tudatjuk, hogy  <strong>Prof. Dr. Mar\u00f3y P\u00e9ter<\/strong>, az SZTE TTIK Biol\u00f3gia Int\u00e9zet Genetikai Tansz\u00e9k\u00e9nek egykori tansz\u00e9kvezet\u0151 egyetemi tan\u00e1ra, emeritus professzora, koll\u00e9g\u00e1nk \u00e9s tan\u00e1runk, 2026. \u00e1prilis 23-\u00e1n \u00e9let\u00e9nek 80. \u00e9v\u00e9ben elhunyt. <\/p>\n<p>Mar\u00f3y P\u00e9ter 1970-ben a Szegedi orvostudom\u00e1nyi Egyetem Mikrobiol\u00f3gia Int\u00e9zet\u00e9ben kezdte tudom\u00e1nyos karrierj\u00e9t, mint biol\u00f3gus. 1971-ben a Magyar Tudom\u00e1nyos Akad\u00e9mia Szegedi Biol\u00f3giai K\u00f6zpont Genetikai Int\u00e9zet\u00e9ben volt tudom\u00e1nyos seg\u00e9dmunkat\u00e1rs, munkat\u00e1rs, majd f\u0151munkat\u00e1rs. Mar\u00f3y P\u00e9ter egyike volt az els\u0151 rovargenetikai kutat\u00f3csoportvezet\u0151knek, akik elkezdt\u00e9k az ecetmuslica modell haszn\u00e1lat\u00e1t Magyarorsz\u00e1gon az 1970-es \u00e9vekben. Kiss Istv\u00e1nnal, Gausz J\u00e1nossal, Gyurkovics Henrikkel, Szabad J\u00e1nossal \u00e9s Szidonya J\u00e1nossal \u00fatt\u00f6r\u0151 munk\u00e1t v\u00e9geztek a Drosophila, mint modellszervezet hazai meghonos\u00edt\u00e1s\u00e1ban. A Szegedi Biol\u00f3giai K\u00f6zpont rovargenetikusainak k\u00f6sz\u00f6nhet\u0151en indultak el az els\u0151 szisztematikus mutagenezis k\u00eds\u00e9rletek itthon, melyek eredm\u00e9nyeit rangos nemzetk\u00f6zi szaklapokban publik\u00e1lt\u00e1k.<\/p>\n<p>Az akkor m\u00e9g J\u00f3zsef Attila Tudom\u00e1nyegyetem Genetikai Tansz\u00e9k\u00e9n 1989-ben kezd\u0151dtek el a Drosophila kutat\u00e1sok, amikor Mar\u00f3y P\u00e9ter sz\u00e1mos k\u00fclf\u00f6ldi tanulm\u00e1nyutat k\u00f6vet\u0151en tansz\u00e9kvezet\u0151k\u00e9nt a tansz\u00e9k \u00e9l\u00e9re \u00e1llt. Mar\u00f3y P\u00e9ter kutat\u00e1si t\u00e9m\u00e1ja a fejl\u0151d\u00e9sgenetika egy fontos k\u00e9rd\u00e9s\u00e9re \u00f6sszpontosult, nevezetesen a rovarok vedl\u00e9s\u00e9nek hormon\u00e1lis szab\u00e1lyoz\u00e1s\u00e1t kutatta, annak genetikai h\u00e1tter\u00e9t pr\u00f3b\u00e1lta r\u00e9szletesen felt\u00e1rni. Mar\u00f3y P\u00e9ter a klasszikus genetikai m\u00f3dszereket kombin\u00e1lta biok\u00e9miai m\u00f3dszerekkel mellyel k\u00e9pes volt a vedl\u00e9si hormon, vagyis az ekdizon szintj\u00e9nek a m\u00e9r\u00e9s\u00e9re. E hormon \u00e1ltal szab\u00e1lyozott \u00fatvonal volt az els\u0151 olyan k\u00eds\u00e9rleti rendszer, amely sor\u00e1n a szteroid hormonok genomra gyakorolt hat\u00e1s\u00e1t tanulm\u00e1nyozni tudt\u00e1k. A tansz\u00e9ken el\u0151\u00e1ll\u00edtott klasszikus mut\u00e1nsok seg\u00edts\u00e9g\u00e9vel a hormonszint\u00e9zis \u00fatvonal\u00e1nak sz\u00e1mos l\u00e9p\u00e9s\u00e9t siker\u00fclt kider\u00edteni. Az el\u0151bbieken t\u00fal Mar\u00f3y P\u00e9ter munk\u00e1ss\u00e1g\u00e1hoz f\u0171z\u0151dik azon nukle\u00e1ris receptornak, vagyis az ekdizon k\u00f6t\u0151hely\u00e9nek az azonos\u00edt\u00e1sa, amelyet a Drosophila sz\u00f6veteib\u0151l l\u00e9trehozott sejtteny\u00e9szetekben mutattak ki el\u0151sz\u00f6r. <\/p>\n<p>Mar\u00f3y P\u00e9ter \u00e9s munkat\u00e1rsai az ecetmuslica transzpozonok \u00e1ltal induk\u00e1lt mut\u00e1nsgy\u0171jtem\u00e9nyek el\u0151\u00e1ll\u00edt\u00e1s\u00e1ban is \u00e9len j\u00e1rtak. A Genetikai Tansz\u00e9ken 1997-ben magyar \u00e9s nemzetk\u00f6zi t\u00e1mogat\u00e1s seg\u00edts\u00e9g\u00e9vel l\u00e9trehozt\u00e1k a Mar\u00f3y P\u00e9ter vezette Szegedi Drosophila T\u00f6rzsk\u00f6zpontot. Ebben az ecetmuslica gy\u0171jtem\u00e9nyben k\u00f6zel 8000 mut\u00e1ns t\u00f6rzset tartottak fenn, t\u00f6bbek k\u00f6z\u00f6tt a m\u00f3dos\u00edtott P-elemekkel el\u0151\u00e1ll\u00edtott 485 del\u00e9ci\u00f3s vonalat \u00e9s k\u00e9r\u00e9sre t\u00f6bb mint 100000 t\u00f6rzset post\u00e1ztak a vil\u00e1g minden t\u00e1j\u00e1ra, eg\u00e9szen 2009-ig bez\u00e1r\u00f3lag. <\/p>\n<p>Mar\u00f3y P\u00e9ter 2000-ben az MTA doktora c\u00edmet szerzett, majd egyetemi tan\u00e1rk\u00e9nt hossz\u00fa \u00e9veken kereszt\u00fcl vezette a Szegedi Tudom\u00e1nyegyetem Biol\u00f3gia Doktori iskol\u00e1j\u00e1t. Mar\u00f3y P\u00e9ter a kutat\u00e1s mellett a klasszikus \u00e9s molekul\u00e1ris genetika oktat\u00e1s\u00e1t is ir\u00e1ny\u00edtotta. Egyetemi el\u0151ad\u00e1saival, az \u00e1ltala szervezett gyakorlatokkal, tank\u00f6nyvek \u00edr\u00e1s\u00e1val nagym\u00e9rt\u00e9kben hozz\u00e1j\u00e1rult a szegedi genetikusok k\u00e9pz\u00e9s\u00e9hez. <\/p>\n<p>[\/et_pb_text][\/et_pb_column][\/et_pb_row][\/et_pb_section]<\/p>\n","protected":false},"excerpt":{"rendered":"<p>M\u00e9ly f\u00e1jdalommal tudatjuk, hogy <strong>Prof. Dr. Mar\u00f3y P\u00e9ter<\/strong>, az SZTE TTIK Biol\u00f3gia Int\u00e9zet Genetikai Tansz\u00e9k\u00e9nek egykori tansz\u00e9kvezet\u0151 egyetemi tan\u00e1ra, emeritus professzora, koll\u00e9g\u00e1nk \u00e9s tan\u00e1runk, 2026. \u00e1prilis 23-\u00e1n \u00e9let\u00e9nek 80. \u00e9v\u00e9ben elhunyt. <\/p>","protected":false},"author":3,"featured_media":449,"comment_status":"closed","ping_status":"open","sticky":false,"template":"","format":"standard","meta":{"_et_pb_use_builder":"on","_et_pb_old_content":"","_et_gb_content_width":"","footnotes":""},"categories":[20],"tags":[10],"class_list":["post-445","post","type-post","status-publish","format-standard","has-post-thumbnail","hentry","category-hirek","tag-szte-genetika"],"_links":{"self":[{"href":"https:\/\/szte-genetika.hu\/en\/wp-json\/wp\/v2\/posts\/445","targetHints":{"allow":["GET"]}}],"collection":[{"href":"https:\/\/szte-genetika.hu\/en\/wp-json\/wp\/v2\/posts"}],"about":[{"href":"https:\/\/szte-genetika.hu\/en\/wp-json\/wp\/v2\/types\/post"}],"author":[{"embeddable":true,"href":"https:\/\/szte-genetika.hu\/en\/wp-json\/wp\/v2\/users\/3"}],"replies":[{"embeddable":true,"href":"https:\/\/szte-genetika.hu\/en\/wp-json\/wp\/v2\/comments?post=445"}],"version-history":[{"count":3,"href":"https:\/\/szte-genetika.hu\/en\/wp-json\/wp\/v2\/posts\/445\/revisions"}],"predecessor-version":[{"id":451,"href":"https:\/\/szte-genetika.hu\/en\/wp-json\/wp\/v2\/posts\/445\/revisions\/451"}],"wp:featuredmedia":[{"embeddable":true,"href":"https:\/\/szte-genetika.hu\/en\/wp-json\/wp\/v2\/media\/449"}],"wp:attachment":[{"href":"https:\/\/szte-genetika.hu\/en\/wp-json\/wp\/v2\/media?parent=445"}],"wp:term":[{"taxonomy":"category","embeddable":true,"href":"https:\/\/szte-genetika.hu\/en\/wp-json\/wp\/v2\/categories?post=445"},{"taxonomy":"post_tag","embeddable":true,"href":"https:\/\/szte-genetika.hu\/en\/wp-json\/wp\/v2\/tags?post=445"}],"curies":[{"name":"wp","href":"https:\/\/api.w.org\/{rel}","templated":true}]}}