{"id":456,"date":"2026-04-29T14:00:14","date_gmt":"2026-04-29T14:00:14","guid":{"rendered":"https:\/\/szte-genetika.hu\/?p=456"},"modified":"2026-04-29T15:19:08","modified_gmt":"2026-04-29T15:19:08","slug":"456-2","status":"publish","type":"post","link":"https:\/\/szte-genetika.hu\/en\/456-2\/","title":{"rendered":"Egy szent ereklye genetikai vizsg\u00e1lat\u00e1r\u00f3l"},"content":{"rendered":"<p>[et_pb_section fb_built=&#8221;1&#8243; _builder_version=&#8221;4.19.4&#8243; _module_preset=&#8221;default&#8221; custom_padding=&#8221;0px||0px||false|false&#8221; hover_enabled=&#8221;0&#8243; global_colors_info=&#8221;{}&#8221; theme_builder_area=&#8221;post_content&#8221; sticky_enabled=&#8221;0&#8243;][et_pb_row _builder_version=&#8221;4.27.6&#8243; _module_preset=&#8221;default&#8221; custom_padding=&#8221;0px||||false|false&#8221; hover_enabled=&#8221;0&#8243; global_colors_info=&#8221;{}&#8221; theme_builder_area=&#8221;post_content&#8221; sticky_enabled=&#8221;0&#8243;][et_pb_column type=&#8221;4_4&#8243; _builder_version=&#8221;4.19.4&#8243; _module_preset=&#8221;default&#8221; global_colors_info=&#8221;{}&#8221; theme_builder_area=&#8221;post_content&#8221;][et_pb_text _builder_version=&#8221;4.27.6&#8243; _module_preset=&#8221;default&#8221; link_font=&#8221;||||on|||#8BCE33|&#8221; link_text_color=&#8221;#008DB4&#8243; hover_enabled=&#8221;0&#8243; global_colors_info=&#8221;{}&#8221; link_text_color__hover_enabled=&#8221;on|desktop&#8221; link_text_color__hover=&#8221;#6EC200&#8243; theme_builder_area=&#8221;post_content&#8221; sticky_enabled=&#8221;0&#8243;]<\/p>\n<p>Kev\u00e9s erekly\u00e9nek van a vil\u00e1gon kalandosabb t\u00f6rt\u00e9nete, mint a gy\u0151ri <strong>Szent L\u00e1szl\u00f3-herm\u00e1nak<\/strong>, \u00e9s m\u00e9g kevesebbr\u0151l mutatt\u00e1k ki term\u00e9szettudom\u00e1nyos eszk\u00f6z\u00f6kkel, hogy val\u00f3ban a nevezett szent maradv\u00e1nya. A Szegedi Tudom\u00e1nyegyetem \u00e9s a Magyars\u00e1gkutat\u00f3 Int\u00e9zet kutat\u00f3i 2023-ban megjelent <a href=https:\/\/doi.org\/10.1016\/j.jgg.2022.06.008>tudom\u00e1nyos k\u00f6zlem\u00e9ny\u00fckben<\/a> publik\u00e1lt\u00e1k a genetikai elemz\u00e9sek eredm\u00e9ny\u00e9t. De m\u00e9gis milyen vizsg\u00e1latok alapj\u00e1n tudja a tudom\u00e1ny meger\u0151s\u00edteni az egyh\u00e1zi hagyom\u00e1nyt? Err\u0151l sz\u00f3l ez az \u00f6sszefoglal\u00f3.<\/p>\n<p><strong>Szent L\u00e1szl\u00f3<\/strong> a k\u00f6z\u00e9pkori magyar t\u00f6rt\u00e9nelem egyik legjelent\u0151sebb alakja volt, aki m\u00e9g \u00e9let\u00e9ben Eur\u00f3pa szerte legend\u00e1ss\u00e1 v\u00e1lt, mint a kereszt\u00e9ny uralkod\u00f3i \u00e9s lovagi eszm\u00e9ny egyszem\u00e9lyi megtestes\u00edt\u0151je. Hal\u00e1la ut\u00e1n sz\u00e1z \u00e9vvel III. B\u00e9la kir\u00e1ly k\u00f6zbenj\u00e1r\u00e1s\u00e1ra szentt\u00e9 avatt\u00e1k. Ekkor a V\u00e1radon eltemetett maradv\u00e1nyaib\u00f3l erekly\u00e9ket k\u00e9sz\u00edtettek, melyek k\u00f6z\u00fcl a legfontosabbat, a koponya erekly\u00e9t a nagyv\u00e1radi templomban \u0151rizt\u00e9k. Az 1406-ban bek\u00f6vetkezett t\u0171zv\u00e9szben az eredeti ereklyetart\u00f3 elpusztult, \u00e1m a koponya csod\u00e1val hat\u00e1ros m\u00f3don s\u00e9rtetlen\u00fcl megmenek\u00fclt. Ezt k\u00f6vet\u0151en, m\u00e9g Zsigmond kir\u00e1ly uralkod\u00e1sa alatt k\u00e9sz\u00edtett\u00e9k el az \u00faj, ma is ismert Herm\u00e1t (1. \u00e1bra). 1565-ben azt\u00e1n J\u00e1nos Zsigmond enged\u00e9ly\u00e9vel a protest\u00e1nsok feld\u00falt\u00e1k Erd\u00e9lyt, az egyh\u00e1zmegy\u00e9t \u00e9s a szent csontokat sz\u00e9tsz\u00f3rt\u00e1k, \u00edgy az erekly\u00e9t el kellett menek\u00edteni. El\u0151sz\u00f6r Gyulafeh\u00e9rv\u00e1rra ker\u00fclt, majd onnan 1600-ban N\u00e1pr\u00e1gi Demeter p\u00fcsp\u00f6k menek\u00edtette tov\u00e1bb Pr\u00e1g\u00e1n, Pozsonyon \u00e9s Veszpr\u00e9men \u00e1t Gy\u0151rbe, ahol az\u00f3ta is \u0151rzik \u00e9s nagy tisztelet \u00f6vezi.<\/p>\n<p>A 2010-es \u00e9vekben zajlott egy nagyszab\u00e1s\u00fa term\u00e9szettudom\u00e1nyos vizsg\u00e1latsorozat, melynek sor\u00e1n antropol\u00f3giai, radiol\u00f3giai \u00e9s sz\u00e9nizot\u00f3pos elemz\u00e9seket v\u00e9geztek az erekly\u00e9n \u00e9s Kust\u00e1r \u00c1gnes a koponya alapj\u00e1n elk\u00e9sz\u00edtette a szent kir\u00e1ly tudom\u00e1nyos <a href=\"https:\/\/mttmuzeum.blog.hu\/2012\/09\/10\/szent_laszlo_kiraly_arcrekonstrukcioja\">arcrekonstrukci\u00f3j\u00e1t<\/a> is. A vizsg\u00e1latok eredm\u00e9nyei, a koponya antropol\u00f3giai kora, a radiokarbon kormeghat\u00e1roz\u00e1s egyar\u00e1nt megfeleletek a Szent L\u00e1szl\u00f3r\u00f3l ismert adatoknak. Krist\u00f3f Lilla Alida, a term\u00e9szettudom\u00e1nyos vizsg\u00e1latok vezet\u0151je \u00e9s a Gy\u0151ri Egyh\u00e1zmegye 2022-ben k\u00e9rte fel a Szegedi Tudom\u00e1nyegyetem \u00e9s a Magyars\u00e1gkutat\u00f3 Int\u00e9zet akkori k\u00f6z\u00f6s archeogenetikai kutat\u00f3csoportj\u00e1t, hogy v\u00e9gezz\u00e9k el az ereklye genetikai vizsg\u00e1lat\u00e1t.<\/p>\n<p>[\/et_pb_text][\/et_pb_column][\/et_pb_row][et_pb_row _builder_version=&#8221;4.27.6&#8243; _module_preset=&#8221;default&#8221; theme_builder_area=&#8221;post_content&#8221;][et_pb_column _builder_version=&#8221;4.27.6&#8243; _module_preset=&#8221;default&#8221; type=&#8221;4_4&#8243; theme_builder_area=&#8221;post_content&#8221;][et_pb_image src=&#8221;https:\/\/szte-genetika.hu\/wp-content\/uploads\/2026\/04\/fig1m_small-scaled.jpg&#8221; _builder_version=&#8221;4.27.6&#8243; _module_preset=&#8221;default&#8221; theme_builder_area=&#8221;post_content&#8221; title_text=&#8221;Szt_L\u00e1szl\u00f3_Fig&#8221; hover_enabled=&#8221;0&#8243; sticky_enabled=&#8221;0&#8243;][\/et_pb_image][\/et_pb_column][\/et_pb_row][et_pb_row _builder_version=&#8221;4.27.6&#8243; _module_preset=&#8221;default&#8221; theme_builder_area=&#8221;post_content&#8221;][et_pb_column _builder_version=&#8221;4.27.6&#8243; _module_preset=&#8221;default&#8221; type=&#8221;4_4&#8243; theme_builder_area=&#8221;post_content&#8221;][et_pb_text _builder_version=&#8221;4.27.6&#8243; _module_preset=&#8221;default&#8221; theme_builder_area=&#8221;post_content&#8221; hover_enabled=&#8221;0&#8243; sticky_enabled=&#8221;0&#8243; text_orientation=&#8221;justified&#8221;]<\/p>\n<p style=\"text-align: center;\">1. \u00e1bra. A Herma \u00e9s a benne \u0151rz\u00f6tt koponya ereklye (fot\u00f3k: Kis Luca).<\/p>\n<p>Egy k\u00fcl\u00f6nleges, roncsol\u00e1smentes elj\u00e1r\u00e1ssal a kopony\u00e1b\u00f3l kih\u00fazott fogb\u00f3l siker\u00fclt DNS-t kinyerni, mely ut\u00e1n a fogat s\u00e9rtetlen\u00fcl visszahelyezt\u00e9k a koponya \u00e1llkapcs\u00e1ba. A kinyert DNS olyan kiv\u00e1l\u00f3 min\u0151s\u00e9g\u0171nek bizonyult, hogy egy ma \u00e9l\u0151 egy\u00e9n mint\u00e1j\u00e1val \u00f6sszeegyeztethet\u0151 m\u00e9lys\u00e9g\u0171 \u00e9s r\u00e9szletess\u00e9g\u0171 elemz\u00e9st lehetett elv\u00e9gezni, ami nagy biztons\u00e1got adott az eredm\u00e9nyek \u00e9rt\u00e9kel\u00e9s\u00e9hez \u00e9s a pontos k\u00f6vetkeztet\u00e9sek levon\u00e1s\u00e1hoz.<\/p>\n<p>A mai mint\u00e1kon elv\u00e9gzett genetikai szem\u00e9lyazonos\u00edt\u00e1s sor\u00e1n a kulcsot egy k\u00f6zeli hozz\u00e1tartoz\u00f3t\u00f3l (jellemz\u0151en sz\u00fcl\u0151t\u0151l, vagy testv\u00e9rt\u0151l) sz\u00e1rmaz\u00f3 genetikai adatok jelentik. Az egyez\u0151 mint\u00e1zatok k\u00f6zeli rokons\u00e1got jeleznek \u00e9s elegend\u0151ek a szem\u00e9lyazonoss\u00e1g meg\u00e1llap\u00edt\u00e1s\u00e1hoz. Sajnos Szent L\u00e1szl\u00f3 eset\u00e9ben ilyen k\u00f6zeli csal\u00e1dtag DNS szekvenci\u00e1i nem \u00e1lltak rendelkez\u00e9sre. Ami viszont igen, az III. B\u00e9la genom szekvenci\u00e1ja, akinek maradv\u00e1nyait m\u00e1r t\u00f6bb soron vizsg\u00e1lt\u00e1k a kutat\u00f3k. A nagy kir\u00e1ly adatainak seg\u00edts\u00e9g\u00e9vel k\u00e9t vonalon lehetett elindulni: az Y kromosz\u00f3ma szekvenci\u00e1ik \u00f6sszehasonl\u00edt\u00e1s\u00e1val, valamint a pontos geneal\u00f3giai t\u00e1vols\u00e1guk meghat\u00e1roz\u00e1s\u00e1val.<\/p>\n<p>A III. B\u00e9la mint\u00e1j\u00e1ban azonos\u00edtott egyedi, az \u00c1rp\u00e1d-h\u00e1zi f\u00e9rfiakra jellemz\u0151 Y kromosz\u00f3m\u00e1s szekvencia mint\u00e1zat seg\u00edts\u00e9g\u00e9vel a dinasztia minden egyenes \u00e1gi f\u00e9rfi tagj\u00e1nak maradv\u00e1nyai biztosan azonos\u00edthat\u00f3k. Vagyis aki a meghat\u00e1rozott mint\u00e1zatot hordozza csakis \u00c1rp\u00e1d-h\u00e1zi f\u00e9rfi lehet. Nos, Szent L\u00e1szl\u00f3 Y kromosz\u00f3ma mint\u00e1zata pontosan megegyezett III. B\u00e9l\u00e1\u00e9val.<\/p>\n<p>A geneal\u00f3giai vizsg\u00e1lat m\u00e1r nem volt ennyire egyszer\u0171, ugyanis a rokons\u00e1gi fokok meghat\u00e1roz\u00e1s\u00e1ra haszn\u00e1lt m\u00f3dszereket modern mint\u00e1k \u00f6sszehasonl\u00edt\u00e1s\u00e1ra fejlesztett\u00e9k ki, \u00e9s III. B\u00e9la DNS-e nem felelt meg, egy modern mint\u00e1val szemben t\u00e1maszthat\u00f3 min\u0151s\u00e9gi k\u00f6vetelm\u00e9nyeknek. R\u00e1ad\u00e1sul Szent L\u00e1szl\u00f3 \u00e9s III. B\u00e9la a csal\u00e1dfa alapj\u00e1n \u00f6t\u00f6dfok\u00fa rokonai voltak egym\u00e1snak, amely t\u00e1vols\u00e1g m\u00e9g modern mint\u00e1k eset\u00e9n sem hat\u00e1rozhat\u00f3 meg egyszer\u0171en. \u00cdgy a kutat\u00f3knak el\u0151sz\u00f6r ki kellett fejleszteni a vizsg\u00e1lat lefolytat\u00e1s\u00e1hoz a megfelel\u0151 bioinformatikai m\u00f3dszert. V\u00e9g\u00fcl sikerrel j\u00e1rtak, \u00e9s bebizonyosodott, hogy a vizsg\u00e1lt mint\u00e1k val\u00f3ban \u00f6t\u00f6dfok\u00fa rokonai egym\u00e1snak, vagyis a csal\u00e1di kapcsolat is t\u00f6k\u00e9letesen illeszkedett a szem\u00e9lyazonoss\u00e1gokhoz.<\/p>\n<p>\u00cdgy a genetikai vizsg\u00e1lat eredm\u00e9nyei egy\u00e9rtelm\u0171en meger\u0151s\u00edtett\u00e9k, hogy a koponya val\u00f3ban a szent kir\u00e1lyhoz tartozik. Ez volt a vil\u00e1gon az els\u0151 olyan, szent erekly\u00e9n elv\u00e9gzett genetikai vizsg\u00e1lat, mely sor\u00e1n az eredm\u00e9nyeket \u00f6ssze lehetett vetni egy csal\u00e1dtag adataival, \u00edgy a kutat\u00f3k nemcsak genetikai adatokat nyertek Szent L\u00e1szl\u00f3r\u00f3l, de a rokons\u00e1gi vizsg\u00e1lattal az \u00c1rp\u00e1d-h\u00e1zi maradv\u00e1nyok geneal\u00f3giai rendj\u00e9nek meghat\u00e1roz\u00e1s\u00e1hoz is k\u00f6zelebb ker\u00fcltek, ami nagyon fontos t\u00e1mpont a tov\u00e1bbi kir\u00e1lyok azonos\u00edt\u00e1s\u00e1hoz.<\/p>\n<p>Varga Gergely Istv\u00e1n<br \/>tudom\u00e1nyos munkat\u00e1rs<br \/>SZTE TTIK Genetikai Tansz\u00e9k<\/p>\n<p>&nbsp;<\/p>\n<div class=\"reference\">\n<h3>Irodalom:<\/h3>\n<p><em> Kar\u00e1cson I.: Szent L\u00e1szl\u00f3 kir\u00e1ly \u00e9lete. A Gy\u0151ri Szent-L\u00e1szl\u00f3-t\u00e1rsulat megb\u00edz\u00e1s\u00e1b\u00f3l a Szent kir\u00e1ly nyolcsz\u00e1zados hal\u00e1l\u00e1nak \u00e9vfordul\u00f3j\u00e1ra. Gy\u0151r, 1895. <a href=\"http:\/\/mek.oszk.hu\/11200\/11210\/11210.htm#5\">http:\/\/mek.oszk.hu\/11200\/11210\/11210.htm#5<\/a><\/em><\/p>\n<p><em><\/em><em style=\"font-size: 18px;\">L\u00e1szl\u00f3 Gy.: Szent L\u00e1szl\u00f3 gy\u0151ri ereklyetart\u00f3 mellszobr\u00e1r\u00f3l, in Uzsoki A. (ed.): Arrabona. A Gy\u0151ri M\u00fazeum \u00e9vk\u00f6nyve. VII. Gy\u0151r, 1965. 164. p.<\/em><\/p>\n<p><em style=\"font-size: 18px;\">Krist\u00f3f Lilla Alida, Luk\u00e1csi Zolt\u00e1n, Patonay Lajos (eds): Szent Kir\u00e1ly, Lovagkir\u00e1ly. A Szent L\u00e1szl\u00f3-herma \u00e9s koponyaereklye vizsg\u00e1latai. Gy\u0151ri Hittudom\u00e1nyi F\u0151iskola, Gy\u0151r, 2017.<\/em><\/p>\n<p><em style=\"font-size: 18px;\">Nagy, P.L., Olasz, J., Nepar\u00e1czki, E., Rouse, N., Kapuria, K., Cano, S., Chen, H., Di Cristofaro, J., Runfeldt, G., Ekomasova, N., et al., 2021. Determination of the phylogenetic origins of the \u00c1rp\u00c1d Dynasty based on Y chromosome sequencing of B\u00e9la the Third. Eur. J. Hum. Genet. 29, 164e172.<\/em><\/p>\n<p><em>Gergely I.B. Varga, Lilla Alida Krist\u00f3f, Kitti Ma\u00e1r, Luca Kis, Oszk\u00e1r Sch\u00fctz, Orsolya V\u00e1radi, Bence Kov\u00e1cs, Alexandra G\u00eengu\u021b\u0103, Bal\u00e1zs Tihanyi, P\u00e9ter L. Nagy, Zolt\u00e1n Mar\u00f3ti, Emil Nyerki, Tibor T\u00f6r\u00f6k, Endre Nepar\u00e1czki. The archaeogenomic validation of Saint Ladislaus&#8217; relic provides insights into the \u00c1rp\u00e1d dynasty&#8217;s genealogy, Journal of Genetics and Genomics, Volume 50, Issue 1, 2023, Pages 58-61, ISSN 1673-8527, <a href=\"https:\/\/doi.org\/10.1016\/j.jgg.2022.06.008\">https:\/\/doi.org\/10.1016\/j.jgg.2022.06.008<\/a>.<\/em><\/p>\n<p><em><\/em><\/p>\n<\/div>\n<p>[\/et_pb_text][\/et_pb_column][\/et_pb_row][\/et_pb_section][et_pb_section fb_built=&#8221;1&#8243; _builder_version=&#8221;4.27.6&#8243; _module_preset=&#8221;default&#8221; background_color=&#8221;#005167&#8243; top_divider_style=&#8221;slant2&#8243; top_divider_color=&#8221;#F4F4F4&#8243; top_divider_height=&#8221;50px&#8221; locked=&#8221;off&#8221; global_colors_info=&#8221;{}&#8221; theme_builder_area=&#8221;post_content&#8221;][et_pb_row _builder_version=&#8221;4.19.4&#8243; _module_preset=&#8221;default&#8221; global_colors_info=&#8221;{}&#8221; theme_builder_area=&#8221;post_content&#8221;][et_pb_column type=&#8221;4_4&#8243; _builder_version=&#8221;4.19.4&#8243; _module_preset=&#8221;default&#8221; global_colors_info=&#8221;{}&#8221; theme_builder_area=&#8221;post_content&#8221;][et_pb_text _builder_version=&#8221;4.19.4&#8243; _module_preset=&#8221;default&#8221; header_2_text_color=&#8221;#EAEAEA&#8221; header_2_font_size=&#8221;35px&#8221; custom_margin=&#8221;||10px||false|false&#8221; global_colors_info=&#8221;{}&#8221; theme_builder_area=&#8221;post_content&#8221;]<\/p>\n<h2>H\u00edrek<\/h2>\n<p>[\/et_pb_text][et_pb_divider color=&#8221;#8BCE33&#8243; divider_weight=&#8221;5px&#8221; _builder_version=&#8221;4.19.4&#8243; _module_preset=&#8221;default&#8221; width=&#8221;20%&#8221; width_tablet=&#8221;40%&#8221; width_phone=&#8221;40%&#8221; width_last_edited=&#8221;on|phone&#8221; global_colors_info=&#8221;{}&#8221; theme_builder_area=&#8221;post_content&#8221;][\/et_pb_divider][et_pb_blog fullwidth=&#8221;off&#8221; posts_number=&#8221;3&#8243; include_categories=&#8221;20&#8243; meta_date=&#8221;Y. M. j.&#8221; show_more=&#8221;on&#8221; show_author=&#8221;off&#8221; show_categories=&#8221;off&#8221; masonry_tile_background_color=&#8221;#EAEAEA&#8221; _builder_version=&#8221;4.25.0&#8243; _module_preset=&#8221;default&#8221; header_text_color=&#8221;#008DB4&#8243; body_text_color=&#8221;#002843&#8243; meta_text_color=&#8221;#005167&#8243; meta_font_size=&#8221;17px&#8221; read_more_font=&#8221;|600||on|||||&#8221; read_more_text_color=&#8221;#8BCE33&#8243; read_more_font_size=&#8221;19px&#8221; read_more_line_height=&#8221;2.2em&#8221; border_color_all=&#8221;#002843&#8243; border_width_all_image=&#8221;1px&#8221; border_color_all_image=&#8221;#005167&#8243; box_shadow_style=&#8221;preset2&#8243; box_shadow_color=&#8221;RGBA(255,255,255,0)&#8221; global_colors_info=&#8221;{}&#8221; box_shadow_color__hover_enabled=&#8221;on|desktop&#8221; box_shadow_color__hover=&#8221;rgba(0,141,180,0.2)&#8221; masonry_tile_background_color__hover_enabled=&#8221;on|hover&#8221; masonry_tile_background_color__hover=&#8221;#ffffff&#8221; transform_styles__hover_enabled=&#8221;off|desktop&#8221; transform_scale__hover_enabled=&#8221;off|desktop&#8221; transform_translate__hover_enabled=&#8221;off|desktop&#8221; transform_rotate__hover_enabled=&#8221;off|desktop&#8221; transform_skew__hover_enabled=&#8221;off|desktop&#8221; transform_origin__hover_enabled=&#8221;off|desktop&#8221; transform_scale__hover=&#8221;101%|101%&#8221; theme_builder_area=&#8221;post_content&#8221;][\/et_pb_blog][et_pb_button button_url=&#8221;@ET-DC@eyJkeW5hbWljIjp0cnVlLCJjb250ZW50IjoicG9zdF9saW5rX3VybF9wYWdlIiwic2V0dGluZ3MiOnsicG9zdF9pZCI6IjQzOCJ9fQ==@&#8221; button_text=&#8221;Kor\u00e1bbi h\u00edreink&#8221; button_alignment=&#8221;center&#8221; _builder_version=&#8221;4.25.0&#8243; _dynamic_attributes=&#8221;button_url&#8221; _module_preset=&#8221;default&#8221; global_colors_info=&#8221;{}&#8221; theme_builder_area=&#8221;post_content&#8221;][\/et_pb_button][\/et_pb_column][\/et_pb_row][\/et_pb_section]<\/p>\n","protected":false},"excerpt":{"rendered":"<p>Kev\u00e9s erekly\u00e9nek van a vil\u00e1gon kalandosabb t\u00f6rt\u00e9nete, mint a gy\u0151ri <strong>Szent L\u00e1szl\u00f3-herm\u00e1nak<\/strong>, \u00e9s m\u00e9g kevesebbr\u0151l mutatt\u00e1k ki term\u00e9szettudom\u00e1nyos eszk\u00f6z\u00f6kkel, hogy val\u00f3ban a nevezett szent maradv\u00e1nya. A Szegedi Tudom\u00e1nyegyetem \u00e9s a Magyars\u00e1gkutat\u00f3 Int\u00e9zet kutat\u00f3i 2023-ban megjelent <a href=\"https:\/\/doi.org\/10.1016\/j.jgg.2022.06.008\">tudom\u00e1nyos k\u00f6zlem\u00e9ny\u00fckben<\/a> publik\u00e1lt\u00e1k a genetikai elemz\u00e9sek eredm\u00e9ny\u00e9t. De m\u00e9gis milyen vizsg\u00e1latok alapj\u00e1n tudja a tudom\u00e1ny meger\u0151s\u00edteni az egyh\u00e1zi hagyom\u00e1nyt? Err\u0151l sz\u00f3l ez az \u00f6sszefoglal\u00f3.<\/p>","protected":false},"author":3,"featured_media":461,"comment_status":"closed","ping_status":"open","sticky":false,"template":"","format":"standard","meta":{"_et_pb_use_builder":"on","_et_pb_old_content":"","_et_gb_content_width":"","footnotes":""},"categories":[8,20],"tags":[22],"class_list":["post-456","post","type-post","status-publish","format-standard","has-post-thumbnail","hentry","category-archeogenetika","category-hirek","tag-arpad-haz"],"_links":{"self":[{"href":"https:\/\/szte-genetika.hu\/en\/wp-json\/wp\/v2\/posts\/456","targetHints":{"allow":["GET"]}}],"collection":[{"href":"https:\/\/szte-genetika.hu\/en\/wp-json\/wp\/v2\/posts"}],"about":[{"href":"https:\/\/szte-genetika.hu\/en\/wp-json\/wp\/v2\/types\/post"}],"author":[{"embeddable":true,"href":"https:\/\/szte-genetika.hu\/en\/wp-json\/wp\/v2\/users\/3"}],"replies":[{"embeddable":true,"href":"https:\/\/szte-genetika.hu\/en\/wp-json\/wp\/v2\/comments?post=456"}],"version-history":[{"count":4,"href":"https:\/\/szte-genetika.hu\/en\/wp-json\/wp\/v2\/posts\/456\/revisions"}],"predecessor-version":[{"id":467,"href":"https:\/\/szte-genetika.hu\/en\/wp-json\/wp\/v2\/posts\/456\/revisions\/467"}],"wp:featuredmedia":[{"embeddable":true,"href":"https:\/\/szte-genetika.hu\/en\/wp-json\/wp\/v2\/media\/461"}],"wp:attachment":[{"href":"https:\/\/szte-genetika.hu\/en\/wp-json\/wp\/v2\/media?parent=456"}],"wp:term":[{"taxonomy":"category","embeddable":true,"href":"https:\/\/szte-genetika.hu\/en\/wp-json\/wp\/v2\/categories?post=456"},{"taxonomy":"post_tag","embeddable":true,"href":"https:\/\/szte-genetika.hu\/en\/wp-json\/wp\/v2\/tags?post=456"}],"curies":[{"name":"wp","href":"https:\/\/api.w.org\/{rel}","templated":true}]}}