{"id":502,"date":"2026-09-03T12:10:58","date_gmt":"2026-09-03T12:10:58","guid":{"rendered":"https:\/\/szte-genetika.hu\/?p=502"},"modified":"2026-09-03T12:10:58","modified_gmt":"2026-09-03T12:10:58","slug":"az-arpad-haz-genomoroksege","status":"publish","type":"post","link":"https:\/\/szte-genetika.hu\/en\/az-arpad-haz-genomoroksege\/","title":{"rendered":"Az \u00c1rp\u00e1d-h\u00e1z genom\u00f6r\u00f6ks\u00e9ge"},"content":{"rendered":"<p>[et_pb_section fb_built=&#8221;1&#8243; _builder_version=&#8221;4.19.4&#8243; _module_preset=&#8221;default&#8221; custom_padding=&#8221;0px||0px||false|false&#8221; global_colors_info=&#8221;{}&#8221; theme_builder_area=&#8221;post_content&#8221;][et_pb_row _builder_version=&#8221;4.27.6&#8243; _module_preset=&#8221;default&#8221; custom_padding=&#8221;0px||||false|false&#8221; global_colors_info=&#8221;{}&#8221; theme_builder_area=&#8221;post_content&#8221;][et_pb_column type=&#8221;4_4&#8243; _builder_version=&#8221;4.19.4&#8243; _module_preset=&#8221;default&#8221; global_colors_info=&#8221;{}&#8221; theme_builder_area=&#8221;post_content&#8221;][et_pb_text _builder_version=&#8221;4.27.8&#8243; _module_preset=&#8221;default&#8221; link_font=&#8221;||||on|||#8BCE33|&#8221; link_text_color=&#8221;#008DB4&#8243; hover_enabled=&#8221;0&#8243; global_colors_info=&#8221;{}&#8221; link_text_color__hover_enabled=&#8221;on|desktop&#8221; link_text_color__hover=&#8221;#6EC200&#8243; theme_builder_area=&#8221;post_content&#8221; sticky_enabled=&#8221;0&#8243;]<\/p>\n<p style=\"text-align: justify;\">A Szegedi Tudom\u00e1nyegyetem \u00e9s a Magyars\u00e1gkutat\u00f3 Int\u00e9zet k\u00f6z\u00f6s archeogenetikai kutat\u00f3csoportja a saj\u00e1t \u00e9s a Nagy P\u00e9ter laborat\u00f3rium\u00e1ban elv\u00e9gzett teljes genom szekven\u00e1l\u00e1sok adatainak feldolgoz\u00e1s\u00e1val m\u00e1r n\u00e9gy \u00c1rp\u00e1d-h\u00e1zi szem\u00e9ly, n\u00e9v szerint <b>Szent L\u00e1szl\u00f3<\/b>, <b>III. B\u00e9la<\/b>, <b>Antiochiai Anna<\/b>, valamint egy biztosan m\u00e9g nem azonos\u00edtott <b>\u00c1rp\u00e1d-h\u00e1zi herceg<\/b> genom elemz\u00e9s\u00e9t tudta elv\u00e9gezni. A vizsg\u00e1latok egyik c\u00e9lja az volt, hogy tiszt\u00e1zza a vizsg\u00e1lt mint\u00e1k geneal\u00f3giai kapcsolatait, \u00e9s igazolja az egy\u00e9nek szem\u00e9lyazonoss\u00e1g\u00e1t. Ezekr\u0151l egy <a href=\"https:\/\/szte-genetika.hu\/473-2\/\">kor\u00e1bbi posztunkban<\/a> r\u00e9szletesen olvashatnak. Legut\u00f3bbi archeogenetikai t\u00e1rgy\u00fa bejegyz\u00e9s\u00fcnkben az \u00c1rp\u00e1d-h\u00e1z apai lesz\u00e1rmaz\u00e1si vonal\u00e1nak vizsg\u00e1lat\u00e1val foglalkoztunk, \u00e9s bel\u00e1ttuk, hogy a filogenetikai eredm\u00e9nyek t\u00e1mogatj\u00e1k a kr\u00f3nik\u00e1inkban \u00e9s a Gest\u00e1ban le\u00edrt hagyom\u00e1nyt az \u00c1rp\u00e1d-h\u00e1z hun rokons\u00e1g\u00e1r\u00f3l. A mai \u00edr\u00e1sunkban azt vessz\u00fck sorra, hogy az \u00c1rp\u00e1d-h\u00e1zi maradv\u00e1nyok teljes-genom elemz\u00e9se sor\u00e1n milyen k\u00f6vetkeztet\u00e9sekre jutottunk, \u00e9s azok hogyan viszonyulnak az Y kromosz\u00f3m\u00e1s eredm\u00e9nyekhez \u00e9s az eml\u00edtett k\u00f6z\u00e9pkori forr\u00e1sok adataihoz.<\/p>\n<p style=\"text-align: justify;\">Az archeogenomikai vizsg\u00e1latok a gyakorlatban a vizsg\u00e1lt mint\u00e1k \u00e9s a referencia adatb\u00e1zis mint\u00e1inak bioinformatikai m\u00f3dszerekkel t\u00f6rt\u00e9n\u0151 \u00f6sszehasonl\u00edt\u00e1s\u00e1t \u00e9s ki\u00e9rt\u00e9kel\u00e9s\u00e9t jelentik. Ebb\u0151l k\u00f6vetkez\u0151en min\u00e9l nagyobb a referencia adatb\u00e1zis, a levonhat\u00f3 k\u00f6vetkeztet\u00e9sek ann\u00e1l biztosabbak \u00e9s pontosabbak. Szerencs\u00e9re az \u00f6sszehasonl\u00edt\u00e1sokhoz haszn\u00e1lhat\u00f3 \u0151si genomok sz\u00e1ma folyamatosan n\u0151, \u00edgy ma m\u00e1r igen megb\u00edzhat\u00f3 vizsg\u00e1latokat v\u00e9gezhet\u00fcnk, s\u0151t, az adatb\u00e1zisok b\u0151v\u00fcl\u00e9s\u00e9vel az eredm\u00e9nyeink k\u00e9s\u0151bb ak\u00e1r m\u00e9g pontos\u00edthat\u00f3k is lehetnek.<\/p>\n<p style=\"text-align: justify;\">Az elemz\u00e9sek sor\u00e1n m\u00f3dszert\u0151l f\u00fcgg\u0151en a genom szerte elsz\u00f3rtan tal\u00e1lhat\u00f3 600.000-1.200.000 v\u00e1ltoz\u00e9kony <i>egyetlen nukleotid elt\u00e9r\u00e9sek (SNP)<\/i> mint\u00e1zat\u00e1t azonos\u00edtjuk \u00e9s elemezz\u00fck, amelyhez nagy sz\u00e1m\u00edt\u00e1si kapacit\u00e1s\u00fa szupersz\u00e1m\u00edt\u00f3g\u00e9pre, vagy felh\u0151ben t\u00f6rt\u00e9n\u0151 adatelemz\u00e9sre van sz\u00fcks\u00e9g.<\/p>\n<p style=\"text-align: justify;\">A bioinformatikai megk\u00f6zel\u00edt\u00e9seknek alapvet\u0151en k\u00e9t fajt\u00e1ja van: a <b>hipot\u00e9zis-f\u00fcggetlen m\u00f3dszerek<\/b>, mint nev\u00fck is mutatja, \u201emagukt\u00f3l hasonl\u00edtj\u00e1k \u00f6ssze\u201d az ismert genomokat, kisz\u00e1m\u00edtva azok \u00f6sszet\u00e9tel\u00e9t \u00e9s hasonl\u00f3s\u00e1gi szintj\u00e9t, \u00e9s ebb\u0151l j\u00f3l kirajzol\u00f3dik a n\u00e9pcsoportok strukt\u00far\u00e1ja, \u00e9s heterogenit\u00e1suk m\u00e9rt\u00e9ke. Ezzel szemben a <b>hipot\u00e9zisf\u00fcgg\u0151 m\u00f3dszerek<\/b> egy el\u0151re meghat\u00e1rozott modell statisztikai alap\u00fa meger\u0151s\u00edt\u00e9s\u00e9n, vagy elvet\u00e9s\u00e9n alapulnak, \u00e9s seg\u00edts\u00e9g\u00fckkel viszonylag pontosan felder\u00edthet\u0151 az egy\u00e9nek \u00e9s n\u00e9pcsoportok sz\u00e1rmaz\u00e1sa. A genom vizsg\u00e1lathoz haszn\u00e1lhat\u00f3 bioinformatikai algoritmusok folyamatosan fejl\u0151dnek, egyre sokr\u00e9t\u0171bb \u00e9s r\u00e9szletesebb elemz\u00e9st \u00e9s pontosabb k\u00f6vetkeztet\u00e9sek levon\u00e1s\u00e1t teszik lehet\u0151v\u00e9.<\/p>\n<p style=\"text-align: justify;\">A genom vizsg\u00e1latok \u00e1ltal\u00e1nosan alkalmazott els\u0151 l\u00e9p\u00e9se a hipot\u00e9zis-f\u00fcggetlen m\u00f3dszerek csoportj\u00e1ba tartoz\u00f3 <b>f\u0151komponens elemz\u00e9s (Principal Component Analysis \u2013 PCA)<\/b>. Az elj\u00e1r\u00e1s sor\u00e1n egy program el\u0151sz\u00f6r az Eur\u00e1zsia k\u00fcl\u00f6nb\u00f6z\u0151 r\u00e9szeib\u0151l sz\u00e1rmaz\u00f3 mai genomokb\u00f3l egy referencia genom t\u00e9rk\u00e9pet k\u00e9sz\u00edt, melyen a mint\u00e1k ann\u00e1l k\u00f6zelebb ker\u00fclnek egym\u00e1shoz, min\u00e9l jobban hasonl\u00edt a genetikai mint\u00e1zatuk (1. \u00e1bra). Ezen a genom t\u00e9rk\u00e9pen a mint\u00e1k j\u00f3 k\u00f6zel\u00edt\u00e9ssel a val\u00f3s f\u00f6ldrajzi sz\u00e1rmaz\u00e1suknak megfelel\u0151en helyezkednek el: az \u00e1bra bal oldal\u00e1n az eur\u00f3pai (fel\u00fcl az \u00e9szak-eur\u00f3pai, k\u00f6z\u00e9pen a nyugat- \u00e9s k\u00f6z\u00e9p-eur\u00f3pai, alul a d\u00e9l-eur\u00f3pai) egy\u00e9nek tal\u00e1lhat\u00f3k, m\u00edg jobb sz\u00e9l\u00e9n a t\u00e1volkeleti n\u00e9pcsoportok k\u00e9pvisel\u0151i helyezkednek el, szint\u00e9n az \u00e9szak-d\u00e9li eloszl\u00e1suknak megfelel\u0151en. Az eur\u00f3pai \u00e9s \u00e1zsiai t\u00e1vol-keleti n\u00e9pcsoportokat h\u00e1rom genetikai s\u00e1v k\u00f6ti \u00f6ssze: fel\u00fcl a szib\u00e9riai n\u00e9pess\u00e9gek, k\u00f6z\u00e9pen a sztyepp z\u00f3na n\u00e9pei, m\u00edg alul K\u00f6z\u00e9p-\u00c1zsia t\u00fcrk eredet\u0171 csoportjainak genetikai s\u00e1vja h\u00faz\u00f3dik. M\u00e1sodik l\u00e9p\u00e9sben erre a h\u00e1tt\u00e9rre vet\u00edti r\u00e1 a program a vizsg\u00e1lt mint\u00e1kat a genom \u00f6sszet\u00e9tel\u00fcknek megfelel\u0151en. Az 1. \u00e1br\u00e1n j\u00f3l l\u00e1tszik, hogy m\u00edg Antiochiai Anna (HUAA), III. B\u00e9la (HU3B) \u00e9s az \u00c1rp\u00e1d-h\u00e1zi herceg (HU52) a ma \u00e9l\u0151 k\u00f6z\u00e9peur\u00f3pai egy\u00e9nek k\u00f6z\u00e9 t\u00e9rk\u00e9pez\u0151dik, vagyis genetikai mint\u00e1zatuk a mai magyarok\u00e9ra \u00e9s horv\u00e1tok\u00e9ra hasonl\u00edt legink\u00e1bb, addig Szent L\u00e1szl\u00f3 (SZTLF) ezekt\u0151l viszonylag t\u00e1vol, keleti ir\u00e1nyba, a sztyepp z\u00f3na n\u00e9pei fel\u00e9 elmozdulva helyezkedik el. Ez azt jelzi, hogy a m\u00e1sik h\u00e1rom \u00c1rp\u00e1d-h\u00e1zi szem\u00e9lyt\u0151l elt\u00e9r\u0151en Szent L\u00e1szl\u00f3 genomja jelent\u0151s ar\u00e1nyban tartalmaz keleti, sztyeppei n\u00e9pcsoportokra jellemz\u0151 genetikai b\u00e9lyegeket.<\/p>\n<p>[\/et_pb_text][\/et_pb_column][\/et_pb_row][et_pb_row _builder_version=&#8221;4.27.6&#8243; _module_preset=&#8221;default&#8221; global_colors_info=&#8221;{}&#8221; theme_builder_area=&#8221;post_content&#8221;][et_pb_column type=&#8221;4_4&#8243; _builder_version=&#8221;4.27.6&#8243; _module_preset=&#8221;default&#8221; global_colors_info=&#8221;{}&#8221; theme_builder_area=&#8221;post_content&#8221;][et_pb_image src=&#8221;https:\/\/szte-genetika.hu\/wp-content\/uploads\/2026\/09\/fig1.png&#8221; title_text=&#8221;Arpad_genomics_Fig1&#8243; _builder_version=&#8221;4.27.8&#8243; _module_preset=&#8221;default&#8221; hover_enabled=&#8221;0&#8243; global_colors_info=&#8221;{}&#8221; theme_builder_area=&#8221;post_content&#8221; sticky_enabled=&#8221;0&#8243;][\/et_pb_image][\/et_pb_column][\/et_pb_row][et_pb_row _builder_version=&#8221;4.27.6&#8243; _module_preset=&#8221;default&#8221; global_colors_info=&#8221;{}&#8221; theme_builder_area=&#8221;post_content&#8221;][et_pb_column type=&#8221;4_4&#8243; _builder_version=&#8221;4.27.6&#8243; _module_preset=&#8221;default&#8221; global_colors_info=&#8221;{}&#8221; theme_builder_area=&#8221;post_content&#8221;][et_pb_text _builder_version=&#8221;4.27.8&#8243; _module_preset=&#8221;default&#8221; text_orientation=&#8221;justified&#8221; hover_enabled=&#8221;0&#8243; global_colors_info=&#8221;{}&#8221; theme_builder_area=&#8221;post_content&#8221; sticky_enabled=&#8221;0&#8243;]<\/p>\n<p style=\"text-align: center;\"><b>1. \u00e1bra<\/b>. A f\u0151komponens elemz\u00e9s (PCA) eredm\u00e9nye. SZTLF \u2013 Szent L\u00e1szl\u00f3, HU3B \u2013 III. B\u00e9la; HUAA \u2013 Antiochiai Anna; HU52 \u2013 \u00c1rp\u00e1d-h\u00e1zi herceg.<\/p>\n<p>Egy m\u00e1sik bioinformatikai met\u00f3dus, amelyet az \u00c1rp\u00e1dok genomj\u00e1nak felt\u00e1r\u00e1s\u00e1ra haszn\u00e1ltunk az \u00fagynevezett <b>qpAdm elemz\u00e9s<\/b> (2. \u00e1bra). Ez a hipot\u00e9zisf\u00fcgg\u0151 m\u00f3dszer gondosan kiv\u00e1lasztott referencia popul\u00e1ci\u00f3khoz viszony\u00edtva, potenci\u00e1lis forr\u00e1spopul\u00e1ci\u00f3k felhaszn\u00e1l\u00e1s\u00e1val modellezi a vizsg\u00e1lt genomot, vagyis meg\u00e1llap\u00edtja, \u00e9s statisztikailag ellen\u0151rzi, hogy a vizsg\u00e1lt egy\u00e9n genetikai mint\u00e1zata legnagyobb val\u00f3sz\u00edn\u0171s\u00e9ggel mely \u0151si popul\u00e1ci\u00f3k kevered\u00e9s\u00e9vel j\u00f6hetett l\u00e9tre. B\u00e1r els\u0151sorban popul\u00e1ci\u00f3k vizsg\u00e1lat\u00e1ra haszn\u00e1ljuk, a qpAdm alkalmas egy\u00e9nek genomj\u00e1nak modellez\u00e9s\u00e9re is. Az elemz\u00e9s keleti eredet\u0171 elemeket azonos\u00edtott Szent L\u00e1szl\u00f3 szekvenci\u00e1j\u00e1ban: a szent kir\u00e1ly genomja 85% k\u00f6z\u00e9p-eur\u00f3pai \u00e9s 15% \u00e1zsiai forr\u00e1sb\u00f3l volt modellezhet\u0151. Az \u00e1zsiai b\u00e9lyegek egy\u00e9rtelm\u0171en a kor\u00e1bbi k\u00f6zlem\u00e9ny\u00fcnkben genetikailag jellemzett els\u0151 gener\u00e1ci\u00f3s honfoglal\u00f3 elitre voltak visszavezethet\u0151k, alternat\u00edv modellk\u00e9nt pedig \u00e1zsiai hun \u00e9s szk\u00edta genomok jelentek meg potenci\u00e1lis forr\u00e1sk\u00e9nt. III. B\u00e9la \u00e9s az \u00c1rp\u00e1d-h\u00e1zi herceg mint\u00e1j\u00e1ban ez a m\u00f3dszer nem tudott \u00e1zsiai b\u00e9lyegeket azonos\u00edtani, az \u0151 genomjuk k\u00f6z\u00e9p- \u00e9s \u00e9szak-eur\u00f3pai forr\u00e1sokb\u00f3l volt modellezhet\u0151. Ezek az eredm\u00e9nyek j\u00f3l megfeleltek az egy\u00e9neknek a genom t\u00e9rk\u00e9pen elfoglalt helyzet\u00e9nek.<\/p>\n<p>[\/et_pb_text][\/et_pb_column][\/et_pb_row][et_pb_row _builder_version=&#8221;4.27.6&#8243; _module_preset=&#8221;default&#8221; global_colors_info=&#8221;{}&#8221; theme_builder_area=&#8221;post_content&#8221;][et_pb_column type=&#8221;4_4&#8243; _builder_version=&#8221;4.27.6&#8243; _module_preset=&#8221;default&#8221; global_colors_info=&#8221;{}&#8221; theme_builder_area=&#8221;post_content&#8221;][et_pb_image src=&#8221;https:\/\/szte-genetika.hu\/wp-content\/uploads\/2026\/09\/fig2_qpAdm_SZTL.svg&#8221; title_text=&#8221;Arpad_genomics_Fig2&#8243; _builder_version=&#8221;4.27.8&#8243; _module_preset=&#8221;default&#8221; hover_enabled=&#8221;0&#8243; global_colors_info=&#8221;{}&#8221; theme_builder_area=&#8221;post_content&#8221; sticky_enabled=&#8221;0&#8243;][\/et_pb_image][\/et_pb_column][\/et_pb_row][et_pb_row _builder_version=&#8221;4.27.6&#8243; _module_preset=&#8221;default&#8221; global_colors_info=&#8221;{}&#8221; theme_builder_area=&#8221;post_content&#8221;][et_pb_column type=&#8221;4_4&#8243; _builder_version=&#8221;4.27.6&#8243; _module_preset=&#8221;default&#8221; global_colors_info=&#8221;{}&#8221; theme_builder_area=&#8221;post_content&#8221;][et_pb_text _builder_version=&#8221;4.27.8&#8243; _module_preset=&#8221;default&#8221; hover_enabled=&#8221;0&#8243; global_colors_info=&#8221;{}&#8221; theme_builder_area=&#8221;post_content&#8221; sticky_enabled=&#8221;0&#8243;]<\/p>\n<p style=\"text-align: center;\"><b>2. \u00e1bra<\/b>. A qpAdm elemz\u00e9s eredm\u00e9nye.<\/p>\n<p style=\"text-align: justify;\">Teh\u00e1t a k\u00e9t, egym\u00e1st\u00f3l teljesen f\u00fcggetlen megk\u00f6zel\u00edt\u00e9ssel egyar\u00e1nt \u00e1zsiai komponenseket azonos\u00edtottunk Szent l\u00e1szl\u00f3 genomj\u00e1ban, r\u00e1ad\u00e1sul a qpAdm vizsg\u00e1lat alapj\u00e1n ezek a komponensek k\u00f6zvetlen\u00fcl a honfoglal\u00f3 magyarokhoz voltak k\u00f6thet\u0151k. Ez arra utal, hogy a szent kir\u00e1ly m\u00e9g jelent\u0151s \u00f6r\u00f6ks\u00e9get \u0151rz\u00f6tt a genomj\u00e1ban honfoglal\u00f3 \u0151seit\u0151l. Ez a honfoglal\u00f3 komponens a m\u00e1sik k\u00e9t \u00c1rp\u00e1d-h\u00e1zi f\u00e9rfi genomj\u00e1b\u00f3l hi\u00e1nyzott, ami azzal magyar\u00e1zhat\u00f3, hogy az eur\u00f3pai uralkod\u00f3h\u00e1zakkal k\u00f6t\u00f6tt dinasztikus h\u00e1zass\u00e1goknak k\u00f6sz\u00f6nhet\u0151en ez az \u00f6sszetev\u0151 fokozatosan kih\u00edgult \u00e9s detekt\u00e1lhatatlan m\u00e9rt\u00e9k\u0171re zsugorodott a dinasztia k\u00e9s\u0151bbi tagjaiban.<\/p>\n<p style=\"text-align: justify;\">A genom vizsg\u00e1lat eredm\u00e9nyei j\u00f3l \u00f6sszeegyeztethet\u0151k mind az Y kromosz\u00f3m\u00e1s megfigyel\u00e9seinkkel, vagyis az \u00c1rp\u00e1dok apai vonal\u00e1nak val\u00f3sz\u00edn\u0171 \u00e1zsiai hun gy\u00f6ker\u00e9vel, mely a honfoglal\u00f3kkal \u00e9rkezhetett a K\u00e1rp\u00e1t-medenc\u00e9be, mind pedig az uralkod\u00f3h\u00e1z honfoglal\u00f3 \u00e9s hun hagyom\u00e1ny\u00e1val.<\/p>\n<h3>Irodalom:<\/h3>\n<p><em>Mar\u00f3ti, Z., Nepar\u00e1czki, E., Sch\u00fctz, O., Ma\u00e1r, K., Varga, G.I.B., Kov\u00e1cs, B., Kalm\u00e1r, T., Nyerki, E., Nagy, I., Latinovics, D., et al., 2022. The genetic origin of Huns, Avars, and conquering Hungarians. Curr. Biol. 32, 738e741.<\/em><\/p>\n<p><em>Gergely I.B. Varga, Lilla Alida Krist\u00f3f, Kitti Ma\u00e1r, Luca Kis, Oszk\u00e1r Sch\u00fctz, Orsolya V\u00e1radi, Bence Kov\u00e1cs, Alexandra G\u00eengu\u021b\u0103, Bal\u00e1zs Tihanyi, P\u00e9ter L. Nagy, Zolt\u00e1n Mar\u00f3ti, Emil Nyerki, Tibor T\u00f6r\u00f6k, Endre Nepar\u00e1czki. The archaeogenomic validation of Saint Ladislaus&#8217; relic provides insights into the \u00c1rp\u00e1d dynasty&#8217;s genealogy, Journal of Genetics and Genomics, Volume 50, Issue 1, 2023, Pages 58-61, ISSN 1673-8527, https:\/\/doi.org\/10.1016\/j.jgg.2022.06.008.<\/em><\/p>\n<p>[\/et_pb_text][\/et_pb_column][\/et_pb_row][\/et_pb_section][et_pb_section fb_built=&#8221;1&#8243; _builder_version=&#8221;4.27.6&#8243; _module_preset=&#8221;default&#8221; background_color=&#8221;#005167&#8243; top_divider_style=&#8221;slant2&#8243; top_divider_color=&#8221;#F4F4F4&#8243; top_divider_height=&#8221;50px&#8221; locked=&#8221;off&#8221; global_colors_info=&#8221;{}&#8221; theme_builder_area=&#8221;post_content&#8221;][et_pb_row _builder_version=&#8221;4.19.4&#8243; _module_preset=&#8221;default&#8221; global_colors_info=&#8221;{}&#8221; theme_builder_area=&#8221;post_content&#8221;][et_pb_column type=&#8221;4_4&#8243; _builder_version=&#8221;4.19.4&#8243; _module_preset=&#8221;default&#8221; global_colors_info=&#8221;{}&#8221; theme_builder_area=&#8221;post_content&#8221;][et_pb_text _builder_version=&#8221;4.19.4&#8243; _module_preset=&#8221;default&#8221; header_2_text_color=&#8221;#EAEAEA&#8221; header_2_font_size=&#8221;35px&#8221; custom_margin=&#8221;||10px||false|false&#8221; global_colors_info=&#8221;{}&#8221; theme_builder_area=&#8221;post_content&#8221;]<\/p>\n<h2>H\u00edrek<\/h2>\n<p>[\/et_pb_text][et_pb_divider color=&#8221;#8BCE33&#8243; divider_weight=&#8221;5px&#8221; _builder_version=&#8221;4.19.4&#8243; _module_preset=&#8221;default&#8221; width=&#8221;20%&#8221; width_tablet=&#8221;40%&#8221; width_phone=&#8221;40%&#8221; width_last_edited=&#8221;on|phone&#8221; global_colors_info=&#8221;{}&#8221; theme_builder_area=&#8221;post_content&#8221;][\/et_pb_divider][et_pb_blog fullwidth=&#8221;off&#8221; posts_number=&#8221;3&#8243; include_categories=&#8221;20&#8243; meta_date=&#8221;Y. M. j.&#8221; show_more=&#8221;on&#8221; show_author=&#8221;off&#8221; show_categories=&#8221;off&#8221; masonry_tile_background_color=&#8221;#EAEAEA&#8221; _builder_version=&#8221;4.25.0&#8243; _module_preset=&#8221;default&#8221; header_text_color=&#8221;#008DB4&#8243; body_text_color=&#8221;#002843&#8243; meta_text_color=&#8221;#005167&#8243; meta_font_size=&#8221;17px&#8221; read_more_font=&#8221;|600||on|||||&#8221; read_more_text_color=&#8221;#8BCE33&#8243; read_more_font_size=&#8221;19px&#8221; read_more_line_height=&#8221;2.2em&#8221; border_color_all=&#8221;#002843&#8243; border_width_all_image=&#8221;1px&#8221; border_color_all_image=&#8221;#005167&#8243; box_shadow_style=&#8221;preset2&#8243; box_shadow_color=&#8221;RGBA(255,255,255,0)&#8221; global_colors_info=&#8221;{}&#8221; box_shadow_color__hover_enabled=&#8221;on|desktop&#8221; box_shadow_color__hover=&#8221;rgba(0,141,180,0.2)&#8221; masonry_tile_background_color__hover_enabled=&#8221;on|hover&#8221; masonry_tile_background_color__hover=&#8221;#ffffff&#8221; transform_styles__hover_enabled=&#8221;off|desktop&#8221; transform_scale__hover_enabled=&#8221;off|desktop&#8221; transform_translate__hover_enabled=&#8221;off|desktop&#8221; transform_rotate__hover_enabled=&#8221;off|desktop&#8221; transform_skew__hover_enabled=&#8221;off|desktop&#8221; transform_origin__hover_enabled=&#8221;off|desktop&#8221; transform_scale__hover=&#8221;101%|101%&#8221; theme_builder_area=&#8221;post_content&#8221;][\/et_pb_blog][et_pb_button button_url=&#8221;@ET-DC@eyJkeW5hbWljIjp0cnVlLCJjb250ZW50IjoicG9zdF9saW5rX3VybF9wYWdlIiwic2V0dGluZ3MiOnsicG9zdF9pZCI6IjQzOCJ9fQ==@&#8221; button_text=&#8221;Kor\u00e1bbi h\u00edreink&#8221; button_alignment=&#8221;center&#8221; _builder_version=&#8221;4.25.0&#8243; _dynamic_attributes=&#8221;button_url&#8221; _module_preset=&#8221;default&#8221; global_colors_info=&#8221;{}&#8221; theme_builder_area=&#8221;post_content&#8221;][\/et_pb_button][\/et_pb_column][\/et_pb_row][\/et_pb_section]<\/p>\n","protected":false},"excerpt":{"rendered":"<p>A Szegedi Tudom\u00e1nyegyetem \u00e9s a Magyars\u00e1gkutat\u00f3 Int\u00e9zet k\u00f6z\u00f6s archeogenetikai kutat\u00f3csoportja a saj\u00e1t \u00e9s a Nagy P\u00e9ter laborat\u00f3rium\u00e1ban elv\u00e9gzett teljes genom szekven\u00e1l\u00e1sok adatainak feldolgoz\u00e1s\u00e1val m\u00e1r n\u00e9gy \u00c1rp\u00e1d-h\u00e1zi szem\u00e9ly, n\u00e9v szerint Szent L\u00e1szl\u00f3, III. B\u00e9la, Antiochiai Anna, valamint egy biztosan m\u00e9g nem azonos\u00edtott \u00c1rp\u00e1d-h\u00e1zi herceg genom elemz\u00e9s\u00e9t tudta elv\u00e9gezni. A vizsg\u00e1latok egyik c\u00e9lja az volt, hogy tiszt\u00e1zza [&hellip;]<\/p>\n","protected":false},"author":3,"featured_media":0,"comment_status":"closed","ping_status":"open","sticky":false,"template":"","format":"standard","meta":{"_et_pb_use_builder":"on","_et_pb_old_content":"","_et_gb_content_width":"","footnotes":""},"categories":[8,20],"tags":[9,21,22,23,11],"class_list":["post-502","post","type-post","status-publish","format-standard","hentry","category-archeogenetika","category-hirek","tag-archeogenetika","tag-archeogenomika","tag-arpad-haz","tag-cikk","tag-magyarsagkutatas"],"_links":{"self":[{"href":"https:\/\/szte-genetika.hu\/en\/wp-json\/wp\/v2\/posts\/502","targetHints":{"allow":["GET"]}}],"collection":[{"href":"https:\/\/szte-genetika.hu\/en\/wp-json\/wp\/v2\/posts"}],"about":[{"href":"https:\/\/szte-genetika.hu\/en\/wp-json\/wp\/v2\/types\/post"}],"author":[{"embeddable":true,"href":"https:\/\/szte-genetika.hu\/en\/wp-json\/wp\/v2\/users\/3"}],"replies":[{"embeddable":true,"href":"https:\/\/szte-genetika.hu\/en\/wp-json\/wp\/v2\/comments?post=502"}],"version-history":[{"count":4,"href":"https:\/\/szte-genetika.hu\/en\/wp-json\/wp\/v2\/posts\/502\/revisions"}],"predecessor-version":[{"id":511,"href":"https:\/\/szte-genetika.hu\/en\/wp-json\/wp\/v2\/posts\/502\/revisions\/511"}],"wp:attachment":[{"href":"https:\/\/szte-genetika.hu\/en\/wp-json\/wp\/v2\/media?parent=502"}],"wp:term":[{"taxonomy":"category","embeddable":true,"href":"https:\/\/szte-genetika.hu\/en\/wp-json\/wp\/v2\/categories?post=502"},{"taxonomy":"post_tag","embeddable":true,"href":"https:\/\/szte-genetika.hu\/en\/wp-json\/wp\/v2\/tags?post=502"}],"curies":[{"name":"wp","href":"https:\/\/api.w.org\/{rel}","templated":true}]}}